{"id":687,"date":"2022-05-08T19:26:23","date_gmt":"2022-05-08T19:26:23","guid":{"rendered":"https:\/\/damos.ch\/music\/?p=687"},"modified":"2022-06-08T20:57:03","modified_gmt":"2022-06-08T20:57:03","slug":"ischer-wider","status":"publish","type":"post","link":"https:\/\/damos.ch\/music\/2022\/05\/08\/ischer-wider\/","title":{"rendered":"ISCHER WIDER"},"content":{"rendered":"\n<div class=\"wp-block-columns is-layout-flex wp-container-core-columns-is-layout-9d6595d7 wp-block-columns-is-layout-flex\">\n<div class=\"wp-block-column is-layout-flow wp-block-column-is-layout-flow\">\n<figure class=\"wp-block-image size-large is-resized\"><a href=\"https:\/\/open.spotify.com\/album\/7yBv3EX91u3aqZ0pONw5B3?si=On5jWH3CTP-JK__GB5uDAA\"><img loading=\"lazy\" decoding=\"async\" src=\"https:\/\/damos.ch\/music\/wp-content\/uploads\/2022\/05\/ischer-2660x2660.jpg\" alt=\"\" class=\"wp-image-688\" width=\"665\" height=\"665\" srcset=\"https:\/\/damos.ch\/music\/wp-content\/uploads\/2022\/05\/ischer-2660x2660.jpg 2660w, https:\/\/damos.ch\/music\/wp-content\/uploads\/2022\/05\/ischer-300x300.jpg 300w, https:\/\/damos.ch\/music\/wp-content\/uploads\/2022\/05\/ischer-150x150.jpg 150w, https:\/\/damos.ch\/music\/wp-content\/uploads\/2022\/05\/ischer-768x768.jpg 768w, https:\/\/damos.ch\/music\/wp-content\/uploads\/2022\/05\/ischer-1536x1536.jpg 1536w, https:\/\/damos.ch\/music\/wp-content\/uploads\/2022\/05\/ischer-2048x2048.jpg 2048w\" sizes=\"auto, (max-width: 665px) 100vw, 665px\" \/><\/a><\/figure>\n<\/div>\n\n\n\n<div class=\"wp-block-column is-layout-flow wp-block-column-is-layout-flow\">\n<p class=\"has-medium-font-size\"><strong>ZUR SINGLE &#8222;ISCHER WIDER&#8220;<\/strong><\/p>\n\n\n\n<p class=\"has-medium-font-size\">Manchmal (aber nur manchmal) schl\u00fcpft DaMos in die Rolle des \u201eEl Presidente\u201c und macht ein \u201ebizzeli\u201c arroganten Punchline-Battle-Rap. Der Song ist umfangreich mit metapherhaltigen Doppeldeutigkeiten seiner aktuellen Weltsicht versehen. Mit Zeilen wie &#8222;Bin nid din Lehrer doch s\u00f6tsch wider mol lerna und diar ghot as Liacht uf wia Himmelslaterna!&#8220; zeigt er, dass bei Rap f\u00fcr den OBK Member auch immer (meist auf einer humorvollen und doppeldeutigen Ebene ) die &#8222;Competition&#8220;dazu geh\u00f6rt. Sprechgesang ist f\u00fcr  DaMos immer ein Ventil, selbst wenn er solche Songs\/Tracks eher ruhig angeht und als Erfinder des gechillten Battleraps gilt;)  DaMos spielt mit der Stimmlage, mal melodi\u00f6s, mal monoton oder grummlig. H\u00f6rt euch doch den Song mit dem Pr\u00e4dikat \u201eKopfnicker\u201c an. Viel Spass, denn do \u201eischer wider\u2026!\u201c<\/p>\n<\/div>\n<\/div>\n\n\n\n<p><\/p>\n","protected":false},"excerpt":{"rendered":"<p class=\"excerpt\">ZUR SINGLE &#8222;ISCHER WIDER&#8220; Manchmal (aber nur manchmal) schl\u00fcpft DaMos in die Rolle des \u201eEl Presidente\u201c und macht ein \u201ebizzeli\u201c arroganten Punchline-Battle-Rap. Der Song ist umfangreich mit metapherhaltigen Doppeldeutigkeiten seiner aktuellen Weltsicht versehen. Mit Zeilen wie &#8222;Bin nid din Lehrer doch s\u00f6tsch wider mol lerna und diar ghot as Liacht uf wia Himmelslaterna!&#8220; zeigt er, dass bei Rap f\u00fcr den&hellip;<\/p>\n<p class=\"more-link-p\"><a class=\"btn btn-default\" href=\"https:\/\/damos.ch\/music\/2022\/05\/08\/ischer-wider\/\">Read more<\/a><\/p>\n","protected":false},"author":1,"featured_media":688,"comment_status":"closed","ping_status":"closed","sticky":false,"template":"","format":"standard","meta":{"ngg_post_thumbnail":0,"footnotes":""},"categories":[4],"tags":[],"class_list":["post-687","post","type-post","status-publish","format-standard","has-post-thumbnail","hentry","category-neus"],"_links":{"self":[{"href":"https:\/\/damos.ch\/music\/wp-json\/wp\/v2\/posts\/687","targetHints":{"allow":["GET"]}}],"collection":[{"href":"https:\/\/damos.ch\/music\/wp-json\/wp\/v2\/posts"}],"about":[{"href":"https:\/\/damos.ch\/music\/wp-json\/wp\/v2\/types\/post"}],"author":[{"embeddable":true,"href":"https:\/\/damos.ch\/music\/wp-json\/wp\/v2\/users\/1"}],"replies":[{"embeddable":true,"href":"https:\/\/damos.ch\/music\/wp-json\/wp\/v2\/comments?post=687"}],"version-history":[{"count":25,"href":"https:\/\/damos.ch\/music\/wp-json\/wp\/v2\/posts\/687\/revisions"}],"predecessor-version":[{"id":755,"href":"https:\/\/damos.ch\/music\/wp-json\/wp\/v2\/posts\/687\/revisions\/755"}],"wp:featuredmedia":[{"embeddable":true,"href":"https:\/\/damos.ch\/music\/wp-json\/wp\/v2\/media\/688"}],"wp:attachment":[{"href":"https:\/\/damos.ch\/music\/wp-json\/wp\/v2\/media?parent=687"}],"wp:term":[{"taxonomy":"category","embeddable":true,"href":"https:\/\/damos.ch\/music\/wp-json\/wp\/v2\/categories?post=687"},{"taxonomy":"post_tag","embeddable":true,"href":"https:\/\/damos.ch\/music\/wp-json\/wp\/v2\/tags?post=687"}],"curies":[{"name":"wp","href":"https:\/\/api.w.org\/{rel}","templated":true}]}}